{"id":178,"date":"2023-06-15T14:10:54","date_gmt":"2023-06-15T14:10:54","guid":{"rendered":"https:\/\/meyer.deutsch-kst.ch\/?p=178"},"modified":"2023-06-15T14:10:54","modified_gmt":"2023-06-15T14:10:54","slug":"springende-phobie-im-botanischen-garten","status":"publish","type":"post","link":"https:\/\/meyer.deutsch-kst.ch\/index.php\/2023\/06\/15\/springende-phobie-im-botanischen-garten\/","title":{"rendered":"Springende Phobie im Botanischen Garten"},"content":{"rendered":"\n<p class=\"wp-block-paragraph\">Es war ein stickiger Tag. Nerven bereits von der Hitze belastet, lief sie ahnungslos mit ihrer Gruppe in den Garten. Auf cool-sightseing.ch erfuhren sie von dem atemberaubenden Teich, der Touristen von aller Welt anziehen k\u00f6nne. Die anderen freuten sich wie ein Kind an seinem Geburtstag, doch sie ist seit Anfang an skeptisch. Als ein lauter, bekannter Schrei aufkam, erwachte sie aus ihrem Tagtraum. Mit pl\u00f6tzlicher K\u00f6rperspannung, Zittern in den Fingern und kr\u00e4ftigem Schwitzen schaute sie dem Wesen in die grossen, glubschigen Augen. Immer n\u00e4her kam das Wesen bis auf die Distanz von einem Meter. Mit einem Sprung auf ihre F\u00fcsse fing sie laut an zu kreischen und erweckte den ganzen botanischen Garten samt Pflanzen und jeglicher Viecher. <\/p>\n","protected":false},"excerpt":{"rendered":"<p>Es war ein stickiger Tag. Nerven bereits von der Hitze belastet, lief sie ahnungslos mit ihrer Gruppe in den Garten. Auf cool-sightseing.ch erfuhren sie von dem atemberaubenden Teich, der Touristen von aller Welt anziehen k\u00f6nne. Die anderen freuten sich wie ein Kind an seinem Geburtstag, doch sie ist seit Anfang an skeptisch. Als ein lauter, [&hellip;]<\/p>\n","protected":false},"author":13,"featured_media":0,"comment_status":"open","ping_status":"open","sticky":false,"template":"","format":"standard","meta":{"footnotes":""},"categories":[8,12],"tags":[22],"class_list":["post-178","post","type-post","status-publish","format-standard","hentry","category-ein-fabelwesen-muss-vorkommen","category-moeglichst-lustig","tag-kreis-8"],"_links":{"self":[{"href":"https:\/\/meyer.deutsch-kst.ch\/index.php\/wp-json\/wp\/v2\/posts\/178","targetHints":{"allow":["GET"]}}],"collection":[{"href":"https:\/\/meyer.deutsch-kst.ch\/index.php\/wp-json\/wp\/v2\/posts"}],"about":[{"href":"https:\/\/meyer.deutsch-kst.ch\/index.php\/wp-json\/wp\/v2\/types\/post"}],"author":[{"embeddable":true,"href":"https:\/\/meyer.deutsch-kst.ch\/index.php\/wp-json\/wp\/v2\/users\/13"}],"replies":[{"embeddable":true,"href":"https:\/\/meyer.deutsch-kst.ch\/index.php\/wp-json\/wp\/v2\/comments?post=178"}],"version-history":[{"count":1,"href":"https:\/\/meyer.deutsch-kst.ch\/index.php\/wp-json\/wp\/v2\/posts\/178\/revisions"}],"predecessor-version":[{"id":185,"href":"https:\/\/meyer.deutsch-kst.ch\/index.php\/wp-json\/wp\/v2\/posts\/178\/revisions\/185"}],"wp:attachment":[{"href":"https:\/\/meyer.deutsch-kst.ch\/index.php\/wp-json\/wp\/v2\/media?parent=178"}],"wp:term":[{"taxonomy":"category","embeddable":true,"href":"https:\/\/meyer.deutsch-kst.ch\/index.php\/wp-json\/wp\/v2\/categories?post=178"},{"taxonomy":"post_tag","embeddable":true,"href":"https:\/\/meyer.deutsch-kst.ch\/index.php\/wp-json\/wp\/v2\/tags?post=178"}],"curies":[{"name":"wp","href":"https:\/\/api.w.org\/{rel}","templated":true}]}}