{"id":241,"date":"2023-06-16T13:58:22","date_gmt":"2023-06-16T13:58:22","guid":{"rendered":"https:\/\/meyer.deutsch-kst.ch\/?p=241"},"modified":"2023-06-16T13:58:45","modified_gmt":"2023-06-16T13:58:45","slug":"bahnwaerter-heinz","status":"publish","type":"post","link":"https:\/\/meyer.deutsch-kst.ch\/index.php\/2023\/06\/16\/bahnwaerter-heinz\/","title":{"rendered":"Bahnw\u00e4rter Heinz"},"content":{"rendered":"\n<figure class=\"wp-block-gallery has-nested-images columns-default is-cropped wp-block-gallery-1 is-layout-flex wp-block-gallery-is-layout-flex\">\n<figure class=\"wp-block-image size-large\"><img loading=\"lazy\" decoding=\"async\" width=\"768\" height=\"1024\" data-id=\"242\" src=\"https:\/\/meyer.deutsch-kst.ch\/wp-content\/uploads\/2023\/06\/IMG_5988-768x1024.jpeg\" alt=\"\" class=\"wp-image-242\" srcset=\"https:\/\/meyer.deutsch-kst.ch\/wp-content\/uploads\/2023\/06\/IMG_5988-768x1024.jpeg 768w, https:\/\/meyer.deutsch-kst.ch\/wp-content\/uploads\/2023\/06\/IMG_5988-225x300.jpeg 225w, https:\/\/meyer.deutsch-kst.ch\/wp-content\/uploads\/2023\/06\/IMG_5988-1152x1536.jpeg 1152w, https:\/\/meyer.deutsch-kst.ch\/wp-content\/uploads\/2023\/06\/IMG_5988-1536x2048.jpeg 1536w, https:\/\/meyer.deutsch-kst.ch\/wp-content\/uploads\/2023\/06\/IMG_5988-1200x1600.jpeg 1200w, https:\/\/meyer.deutsch-kst.ch\/wp-content\/uploads\/2023\/06\/IMG_5988-1980x2640.jpeg 1980w, https:\/\/meyer.deutsch-kst.ch\/wp-content\/uploads\/2023\/06\/IMG_5988-scaled.jpeg 1920w\" sizes=\"auto, (max-width: 768px) 100vw, 768px\" \/><\/figure>\n<\/figure>\n\n\n<p>aaalso.. &nbsp;eusi \u201aschtori\u2018 het ih eusem Privattram ahgfange. Mer hend zwei sehr adretti, meh oder weniger jungi M\u00e4nner kenneglehrt, wo eus ihre Alltag schmackhaft gmacht hend. Ahcho im Tramdepot Chalchbreiti, was n\u00fct mit Chalch z\u2018tue het, hemmer denn wundervolle Chopfschmuck becho, \u00e4hnlich wie es Berret. Ahschl\u00fcssend hemmer mal die ganze Teil, Muetter sowie Schruube, wo sones riese Viech brucht, betrachtet und gwertet. Im Ahschluss hemmer s\u2018Privileg gha, &nbsp;die 26 Tonne Metall vo une z\u2018inspiziere.&nbsp;<\/p>\n<p>Denn ischs mir eusem Privatgf\u00e4hrt wiiter gange und zwar id Zentralwerchstatt, die heilig St\u00e4tte vode kaputte Trams und B\u00fcs. Det hets en Malerruum, dass alles sch\u00f6n gmalet isch, en W\u00e4schruum, dass alles sch\u00f6n gw\u00e4chsche isch, und z\u2018gueter Letzt sogar e eigni Polsterei, dass mir mit eusem F\u00fcdli au chli ch\u00f6nd bequem hocke.&nbsp;<\/p>\n<p>Mir hoffed, dass eu alles guet gfalle het, so wie mir degustativ das schampar guete Glace schnabuliert hend.&nbsp;<\/p>\n<p>Mir verarbschiedet eus jetzt vo euch Goofe und w\u00fcnsched euch en sch\u00f6ne Fiirabig und es erholsams \u201aWeek-\u00e4nd\u2018<\/p>\n<p>Peace out he<\/p>\n<p>\u00c4lein und Tschudi<\/p>","protected":false},"excerpt":{"rendered":"<p>aaalso.. &nbsp;eusi \u201aschtori\u2018 het ih eusem Privattram ahgfange. Mer hend zwei sehr adretti, meh oder weniger jungi M\u00e4nner kenneglehrt, wo eus ihre Alltag schmackhaft gmacht hend. Ahcho im Tramdepot Chalchbreiti, was n\u00fct mit Chalch z\u2018tue het, hemmer denn wundervolle Chopfschmuck becho, \u00e4hnlich wie es Berret. Ahschl\u00fcssend hemmer mal die ganze Teil, Muetter sowie Schruube, wo [&hellip;]<\/p>\n","protected":false},"author":5,"featured_media":0,"comment_status":"open","ping_status":"open","sticky":false,"template":"","format":"standard","meta":{"footnotes":""},"categories":[12],"tags":[27],"class_list":["post-241","post","type-post","status-publish","format-standard","hentry","category-moeglichst-lustig","tag-kreis-9"],"_links":{"self":[{"href":"https:\/\/meyer.deutsch-kst.ch\/index.php\/wp-json\/wp\/v2\/posts\/241","targetHints":{"allow":["GET"]}}],"collection":[{"href":"https:\/\/meyer.deutsch-kst.ch\/index.php\/wp-json\/wp\/v2\/posts"}],"about":[{"href":"https:\/\/meyer.deutsch-kst.ch\/index.php\/wp-json\/wp\/v2\/types\/post"}],"author":[{"embeddable":true,"href":"https:\/\/meyer.deutsch-kst.ch\/index.php\/wp-json\/wp\/v2\/users\/5"}],"replies":[{"embeddable":true,"href":"https:\/\/meyer.deutsch-kst.ch\/index.php\/wp-json\/wp\/v2\/comments?post=241"}],"version-history":[{"count":2,"href":"https:\/\/meyer.deutsch-kst.ch\/index.php\/wp-json\/wp\/v2\/posts\/241\/revisions"}],"predecessor-version":[{"id":273,"href":"https:\/\/meyer.deutsch-kst.ch\/index.php\/wp-json\/wp\/v2\/posts\/241\/revisions\/273"}],"wp:attachment":[{"href":"https:\/\/meyer.deutsch-kst.ch\/index.php\/wp-json\/wp\/v2\/media?parent=241"}],"wp:term":[{"taxonomy":"category","embeddable":true,"href":"https:\/\/meyer.deutsch-kst.ch\/index.php\/wp-json\/wp\/v2\/categories?post=241"},{"taxonomy":"post_tag","embeddable":true,"href":"https:\/\/meyer.deutsch-kst.ch\/index.php\/wp-json\/wp\/v2\/tags?post=241"}],"curies":[{"name":"wp","href":"https:\/\/api.w.org\/{rel}","templated":true}]}}