{"id":246,"date":"2023-06-16T14:05:11","date_gmt":"2023-06-16T14:05:11","guid":{"rendered":"https:\/\/meyer.deutsch-kst.ch\/?p=246"},"modified":"2023-06-16T14:05:11","modified_gmt":"2023-06-16T14:05:11","slug":"junge-huet-vbz","status":"publish","type":"post","link":"https:\/\/meyer.deutsch-kst.ch\/index.php\/2023\/06\/16\/junge-huet-vbz\/","title":{"rendered":"Junge h\u00fct VBZ"},"content":{"rendered":"\n<p class=\"wp-block-paragraph\">Fast z spat simmer cho digga! Du chasch n\u00f6d glaube, aber extra Tram h\u00e4t eus gholt. Wege wichtig und so, du weisch br\u00fceder. Wege drip h\u00e4mmer krassi violetti VIP veste becho. Pl\u00f6tzlich simmer gsi Kalkbreite. Vallah das isch s depot gsi. De Typ isch voll ume gsi. Uf krass h\u00e4t er eus sogar no unders Tram gno. Eifach ehre de Maa. D\u00e4nn isch s no wiiter gange id Werkstatt. Uf em weg h\u00e4t de eifach Vollbremsi gmacht. Kolleg, ich han denkt es nimmt mich. Nachher simmer eifach bim M\u00e4rlitram gsi, han denkt ich ghei is Loch. Uf eimal eifach kaputts Tram der gstande, eifach nur no d h\u00e4lfti!!! Nachher h\u00e4t er eus zu Glac\u00e9 gfahre, uf Nacke vo Lehrerin! Eifach sick gsi h\u00fct, Bruder. Besti empfehlig vo mir, Bro. <\/p>\n","protected":false},"excerpt":{"rendered":"<p>Fast z spat simmer cho digga! Du chasch n\u00f6d glaube, aber extra Tram h\u00e4t eus gholt. Wege wichtig und so, du weisch br\u00fceder. Wege drip h\u00e4mmer krassi violetti VIP veste becho. Pl\u00f6tzlich simmer gsi Kalkbreite. Vallah das isch s depot gsi. De Typ isch voll ume gsi. Uf krass h\u00e4t er eus sogar no unders [&hellip;]<\/p>\n","protected":false},"author":12,"featured_media":0,"comment_status":"open","ping_status":"open","sticky":false,"template":"","format":"standard","meta":{"footnotes":""},"categories":[7],"tags":[27,16],"class_list":["post-246","post","type-post","status-publish","format-standard","hentry","category-in-jugendsprache-verfasst","tag-kreis-9","tag-kreis3"],"_links":{"self":[{"href":"https:\/\/meyer.deutsch-kst.ch\/index.php\/wp-json\/wp\/v2\/posts\/246","targetHints":{"allow":["GET"]}}],"collection":[{"href":"https:\/\/meyer.deutsch-kst.ch\/index.php\/wp-json\/wp\/v2\/posts"}],"about":[{"href":"https:\/\/meyer.deutsch-kst.ch\/index.php\/wp-json\/wp\/v2\/types\/post"}],"author":[{"embeddable":true,"href":"https:\/\/meyer.deutsch-kst.ch\/index.php\/wp-json\/wp\/v2\/users\/12"}],"replies":[{"embeddable":true,"href":"https:\/\/meyer.deutsch-kst.ch\/index.php\/wp-json\/wp\/v2\/comments?post=246"}],"version-history":[{"count":1,"href":"https:\/\/meyer.deutsch-kst.ch\/index.php\/wp-json\/wp\/v2\/posts\/246\/revisions"}],"predecessor-version":[{"id":276,"href":"https:\/\/meyer.deutsch-kst.ch\/index.php\/wp-json\/wp\/v2\/posts\/246\/revisions\/276"}],"wp:attachment":[{"href":"https:\/\/meyer.deutsch-kst.ch\/index.php\/wp-json\/wp\/v2\/media?parent=246"}],"wp:term":[{"taxonomy":"category","embeddable":true,"href":"https:\/\/meyer.deutsch-kst.ch\/index.php\/wp-json\/wp\/v2\/categories?post=246"},{"taxonomy":"post_tag","embeddable":true,"href":"https:\/\/meyer.deutsch-kst.ch\/index.php\/wp-json\/wp\/v2\/tags?post=246"}],"curies":[{"name":"wp","href":"https:\/\/api.w.org\/{rel}","templated":true}]}}