{"id":290,"date":"2023-06-21T12:27:06","date_gmt":"2023-06-21T12:27:06","guid":{"rendered":"https:\/\/meyer.deutsch-kst.ch\/?p=290"},"modified":"2023-06-21T12:27:58","modified_gmt":"2023-06-21T12:27:58","slug":"wer-isst-scho-spargelglace-bro","status":"publish","type":"post","link":"https:\/\/meyer.deutsch-kst.ch\/index.php\/2023\/06\/21\/wer-isst-scho-spargelglace-bro\/","title":{"rendered":"Wer isst scho Spargelglac\u00e9 bro?"},"content":{"rendered":"\n<p class=\"wp-block-paragraph\">Egal uf was ihr grad Lust hend ide Gelateria di Berna git alles zfinde was dis Herz begehrt.&nbsp;<\/p>\n\n\n\n<p class=\"wp-block-paragraph\">Vo de Klassiker wie Schoggi, Vanille,Caffi und Himbeer bis zu de gst\u00f6rtere Sorte wie Spargel und Holz glac\u00e9. N\u00f6d vergesse d\u00f6fe mer nat\u00fcrli ihres ber\u00fchmti Mare di Berna. Es isch es g\u00f6ttlichs Vanille glace gmischt mit Nutella es wares Geschmackserlebnis. Aso f\u00fcr die s\u00fcsse unter eu wenn er eu auno en treat g\u00f6nne w\u00f6nd vorem Weekend denn luegt unbedingt no vorbi.<\/p>\n","protected":false},"excerpt":{"rendered":"<p>Egal uf was ihr grad Lust hend ide Gelateria di Berna git alles zfinde was dis Herz begehrt.&nbsp; Vo de Klassiker wie Schoggi, Vanille,Caffi und Himbeer bis zu de gst\u00f6rtere Sorte wie Spargel und Holz glac\u00e9. N\u00f6d vergesse d\u00f6fe mer nat\u00fcrli ihres ber\u00fchmti Mare di Berna. Es isch es g\u00f6ttlichs Vanille glace gmischt mit Nutella [&hellip;]<\/p>\n","protected":false},"author":7,"featured_media":0,"comment_status":"open","ping_status":"open","sticky":false,"template":"","format":"standard","meta":{"footnotes":""},"categories":[7],"tags":[],"class_list":["post-290","post","type-post","status-publish","format-standard","hentry","category-in-jugendsprache-verfasst"],"_links":{"self":[{"href":"https:\/\/meyer.deutsch-kst.ch\/index.php\/wp-json\/wp\/v2\/posts\/290","targetHints":{"allow":["GET"]}}],"collection":[{"href":"https:\/\/meyer.deutsch-kst.ch\/index.php\/wp-json\/wp\/v2\/posts"}],"about":[{"href":"https:\/\/meyer.deutsch-kst.ch\/index.php\/wp-json\/wp\/v2\/types\/post"}],"author":[{"embeddable":true,"href":"https:\/\/meyer.deutsch-kst.ch\/index.php\/wp-json\/wp\/v2\/users\/7"}],"replies":[{"embeddable":true,"href":"https:\/\/meyer.deutsch-kst.ch\/index.php\/wp-json\/wp\/v2\/comments?post=290"}],"version-history":[{"count":2,"href":"https:\/\/meyer.deutsch-kst.ch\/index.php\/wp-json\/wp\/v2\/posts\/290\/revisions"}],"predecessor-version":[{"id":292,"href":"https:\/\/meyer.deutsch-kst.ch\/index.php\/wp-json\/wp\/v2\/posts\/290\/revisions\/292"}],"wp:attachment":[{"href":"https:\/\/meyer.deutsch-kst.ch\/index.php\/wp-json\/wp\/v2\/media?parent=290"}],"wp:term":[{"taxonomy":"category","embeddable":true,"href":"https:\/\/meyer.deutsch-kst.ch\/index.php\/wp-json\/wp\/v2\/categories?post=290"},{"taxonomy":"post_tag","embeddable":true,"href":"https:\/\/meyer.deutsch-kst.ch\/index.php\/wp-json\/wp\/v2\/tags?post=290"}],"curies":[{"name":"wp","href":"https:\/\/api.w.org\/{rel}","templated":true}]}}