{"id":83,"date":"2023-06-14T11:32:36","date_gmt":"2023-06-14T11:32:36","guid":{"rendered":"https:\/\/meyer.deutsch-kst.ch\/?p=83"},"modified":"2023-06-14T11:32:36","modified_gmt":"2023-06-14T11:32:36","slug":"eusi-stadt","status":"publish","type":"post","link":"https:\/\/meyer.deutsch-kst.ch\/index.php\/2023\/06\/14\/eusi-stadt\/","title":{"rendered":"Eusi Stadt"},"content":{"rendered":"\n<p class=\"wp-block-paragraph\">Hallo, wir sind LA! Doch unser Namen t\u00e4uscht. Wir leben nicht in der amerikanischen Grossmetropole, sondern in Z\u00fcrich. Der gr\u00f6ssten, aufregensten und wohl wildesten Stadt der  Schweiz. Warum Z\u00fcrich unsere Herzensstadt ist, werden wir euch in unseren Posts schildern. Erkundet mit uns \u201cZ\u00fcri\u201d, klein aber fein.<\/p>\n","protected":false},"excerpt":{"rendered":"<p>Hallo, wir sind LA! Doch unser Namen t\u00e4uscht. Wir leben nicht in der amerikanischen Grossmetropole, sondern in Z\u00fcrich. Der gr\u00f6ssten, aufregensten und wohl wildesten Stadt der Schweiz. Warum Z\u00fcrich unsere Herzensstadt ist, werden wir euch in unseren Posts schildern. Erkundet mit uns \u201cZ\u00fcri\u201d, klein aber fein.<\/p>\n","protected":false},"author":7,"featured_media":0,"comment_status":"open","ping_status":"open","sticky":false,"template":"","format":"standard","meta":{"footnotes":""},"categories":[1],"tags":[],"class_list":["post-83","post","type-post","status-publish","format-standard","hentry","category-uncategorized"],"_links":{"self":[{"href":"https:\/\/meyer.deutsch-kst.ch\/index.php\/wp-json\/wp\/v2\/posts\/83","targetHints":{"allow":["GET"]}}],"collection":[{"href":"https:\/\/meyer.deutsch-kst.ch\/index.php\/wp-json\/wp\/v2\/posts"}],"about":[{"href":"https:\/\/meyer.deutsch-kst.ch\/index.php\/wp-json\/wp\/v2\/types\/post"}],"author":[{"embeddable":true,"href":"https:\/\/meyer.deutsch-kst.ch\/index.php\/wp-json\/wp\/v2\/users\/7"}],"replies":[{"embeddable":true,"href":"https:\/\/meyer.deutsch-kst.ch\/index.php\/wp-json\/wp\/v2\/comments?post=83"}],"version-history":[{"count":1,"href":"https:\/\/meyer.deutsch-kst.ch\/index.php\/wp-json\/wp\/v2\/posts\/83\/revisions"}],"predecessor-version":[{"id":94,"href":"https:\/\/meyer.deutsch-kst.ch\/index.php\/wp-json\/wp\/v2\/posts\/83\/revisions\/94"}],"wp:attachment":[{"href":"https:\/\/meyer.deutsch-kst.ch\/index.php\/wp-json\/wp\/v2\/media?parent=83"}],"wp:term":[{"taxonomy":"category","embeddable":true,"href":"https:\/\/meyer.deutsch-kst.ch\/index.php\/wp-json\/wp\/v2\/categories?post=83"},{"taxonomy":"post_tag","embeddable":true,"href":"https:\/\/meyer.deutsch-kst.ch\/index.php\/wp-json\/wp\/v2\/tags?post=83"}],"curies":[{"name":"wp","href":"https:\/\/api.w.org\/{rel}","templated":true}]}}